{"id":1142,"date":"2023-02-07T15:40:58","date_gmt":"2023-02-07T15:40:58","guid":{"rendered":"https:\/\/curacaoblueseasfestival.com\/?p=1142"},"modified":"2023-03-10T16:38:49","modified_gmt":"2023-03-10T16:38:49","slug":"ron-artis-ii-the-truth","status":"publish","type":"post","link":"https:\/\/curacaoblueseasfestival.com\/es\/ron-artis-ii-the-truth\/","title":{"rendered":"Ron Artis II &#038; The Truth"},"content":{"rendered":"<div data-elementor-type=\"wp-post\" data-elementor-id=\"1142\" class=\"elementor elementor-1142\" data-elementor-settings=\"[]\">\n\t\t\t\t\t\t\t<div class=\"elementor-section-wrap\">\n\t\t\t\t\t\t\t<section class=\"elementor-section elementor-top-section elementor-element elementor-element-ae87d44 elementor-section-boxed elementor-section-height-default elementor-section-height-default\" data-id=\"ae87d44\" data-element_type=\"section\">\n\t\t\t\t\t\t<div class=\"elementor-container elementor-column-gap-default\">\n\t\t\t\t\t<div class=\"elementor-column elementor-col-100 elementor-top-column elementor-element elementor-element-1691f73\" data-id=\"1691f73\" data-element_type=\"column\">\n\t\t\t<div class=\"elementor-widget-wrap\">\n\t\t\t\t\t\t\t\t\t<\/div>\n\t\t<\/div>\n\t\t\t\t\t\t\t<\/div>\n\t\t<\/section>\n\t\t\t\t<section class=\"elementor-section elementor-top-section elementor-element elementor-element-4a7a4e0e elementor-section-boxed elementor-section-height-default elementor-section-height-default\" data-id=\"4a7a4e0e\" data-element_type=\"section\">\n\t\t\t\t\t\t<div class=\"elementor-container elementor-column-gap-default\">\n\t\t\t\t\t<div class=\"elementor-column elementor-col-100 elementor-top-column elementor-element elementor-element-489d350e\" data-id=\"489d350e\" data-element_type=\"column\" data-settings=\"{&quot;background_background&quot;:&quot;classic&quot;}\">\n\t\t\t<div class=\"elementor-widget-wrap elementor-element-populated\">\n\t\t\t\t\t<div class=\"elementor-background-overlay\"><\/div>\n\t\t\t\t\t\t\t\t<div class=\"elementor-element elementor-element-4d321286 elementor-widget elementor-widget-heading\" data-id=\"4d321286\" data-element_type=\"widget\" data-widget_type=\"heading.default\">\n\t\t\t\t<div class=\"elementor-widget-container\">\n\t\t\t<h2 class=\"elementor-heading-title elementor-size-default\">Ron Artis II & The Truth <\/h2>\t\t<\/div>\n\t\t\t\t<\/div>\n\t\t\t\t<div class=\"elementor-element elementor-element-608946f7 elementor-widget elementor-widget-text-editor\" data-id=\"608946f7\" data-element_type=\"widget\" data-widget_type=\"text-editor.default\">\n\t\t\t\t<div class=\"elementor-widget-container\">\n\t\t\t\t\t\t\t<p><img loading=\"lazy\" class=\"wp-image-1374 size-medium alignleft\" src=\"https:\/\/curacaoblueseasfestival.com\/wp-content\/uploads\/2023\/03\/ron-artis-II-300x300.jpg\" alt=\"\" width=\"300\" height=\"300\" srcset=\"https:\/\/curacaoblueseasfestival.com\/wp-content\/uploads\/2023\/03\/ron-artis-II.jpg 300w, https:\/\/curacaoblueseasfestival.com\/wp-content\/uploads\/2023\/03\/ron-artis-II-150x150.jpg 150w, https:\/\/curacaoblueseasfestival.com\/wp-content\/uploads\/2023\/03\/ron-artis-II-12x12.jpg 12w\" sizes=\"(max-width: 300px) 100vw, 300px\" \/><\/p><h5>S\u00e1bado 8 abril<\/h5><p class=\" translation-block\">Para decir que <b>Ron Artis<\/b> creci\u00f3 con la m\u00fasica, esto ser\u00eda una expresi\u00f3n muy y demasiado suave. El disfrutaba ya de la m\u00fasica antes de poder caminar: estando un chiquit\u00edn de un a\u00f1o de edad gateaba sobre el piano de su padre. Pues creciendo en una familia de once hijos, Artis desarroll\u00f3 su talento sobre y en muchos instrumentos, mientras que \u00e9l tocaba en la banda de familia \u201cArtis Family Band\u201d(La Banda de la Familia Artis). Pronto lleg\u00f3 a ser sus instrumentos mas importantes el piano y la guitarra. El creci\u00f3 en la isla de Hawaii y llam\u00f3 muy pronto la atenci\u00f3n en la isla y tambi\u00e9 en la tierra firme: de esta manera le pidieron a tocar con entre otro  Mick Fleetwood (Fleetwood Mac), Jack Jones, Booker T Jones y G Love. Artis form\u00f3 su propia banda musical The Truth (La Verdad) y con esta banda ya emiti\u00f3 dos \u00e1lbumes: <i>Soul Street<\/i> (Calle Soul) en el a\u00f1o 2018 y <i>Love Is Love<\/i> (Amor es Amor) un a\u00f1o despu\u00e9s.<\/p>\t\t\t\t\t\t<\/div>\n\t\t\t\t<\/div>\n\t\t\t\t<div class=\"elementor-element elementor-element-6065784 elementor-aspect-ratio-169 elementor-widget elementor-widget-video\" data-id=\"6065784\" data-element_type=\"widget\" data-settings=\"{&quot;youtube_url&quot;:&quot;https:\\\/\\\/www.youtube.com\\\/watch?v=SOzDx9_SSQ4&quot;,&quot;video_type&quot;:&quot;youtube&quot;,&quot;controls&quot;:&quot;yes&quot;,&quot;aspect_ratio&quot;:&quot;169&quot;}\" data-widget_type=\"video.default\">\n\t\t\t\t<div class=\"elementor-widget-container\">\n\t\t\t\t\t<div class=\"elementor-wrapper elementor-fit-aspect-ratio elementor-open-inline\">\n\t\t\t<div class=\"elementor-video\"><\/div>\t\t<\/div>\n\t\t\t\t<\/div>\n\t\t\t\t<\/div>\n\t\t\t\t<section class=\"elementor-section elementor-inner-section elementor-element elementor-element-296e1e08 elementor-section-boxed elementor-section-height-default elementor-section-height-default\" data-id=\"296e1e08\" data-element_type=\"section\" data-settings=\"{&quot;background_background&quot;:&quot;classic&quot;}\">\n\t\t\t\t\t\t\t<div class=\"elementor-background-overlay\"><\/div>\n\t\t\t\t\t\t\t<div class=\"elementor-container elementor-column-gap-default\">\n\t\t\t\t\t<div class=\"elementor-column elementor-col-50 elementor-inner-column elementor-element elementor-element-df0b036\" data-id=\"df0b036\" data-element_type=\"column\">\n\t\t\t<div class=\"elementor-widget-wrap elementor-element-populated\">\n\t\t\t\t\t\t\t\t<div class=\"elementor-element elementor-element-1c69ca0b elementor-grid-1 elementor-grid-tablet-2 elementor-grid-mobile-1 elementor-posts--thumbnail-top elementor-widget elementor-widget-posts\" data-id=\"1c69ca0b\" data-element_type=\"widget\" data-settings=\"{&quot;classic_columns&quot;:&quot;1&quot;,&quot;classic_columns_tablet&quot;:&quot;2&quot;,&quot;classic_columns_mobile&quot;:&quot;1&quot;,&quot;classic_row_gap&quot;:{&quot;unit&quot;:&quot;px&quot;,&quot;size&quot;:35,&quot;sizes&quot;:[]}}\" data-widget_type=\"posts.classic\">\n\t\t\t\t<div class=\"elementor-widget-container\">\n\t\t\t\t\t<div class=\"elementor-posts-container elementor-posts elementor-posts--skin-classic elementor-grid\">\n\t\t\t\t<article class=\"elementor-post elementor-grid-item post-233 post type-post status-publish format-standard hentry category-footer\">\n\t\t\t\t<div class=\"elementor-post__text\">\n\t\t\t\t<div class=\"elementor-post__excerpt\">\n\t\t\t<p>\u00a9 Copyright 2021 Cura\u00e7ao International BlueSeas Festival. All rights reserved.<\/p>\n\t\t<\/div>\n\t\t\t\t<\/div>\n\t\t\t\t<\/article>\n\t\t\t\t<\/div>\n\n\n\t\t\n\t\t\t\t<\/div>\n\t\t\t\t<\/div>\n\t\t\t\t\t<\/div>\n\t\t<\/div>\n\t\t\t\t<div class=\"elementor-column elementor-col-50 elementor-inner-column elementor-element elementor-element-24cecc7f\" data-id=\"24cecc7f\" data-element_type=\"column\">\n\t\t\t<div class=\"elementor-widget-wrap elementor-element-populated\">\n\t\t\t\t\t\t\t\t<div class=\"elementor-element elementor-element-5284e31b elementor-widget elementor-widget-text-editor\" data-id=\"5284e31b\" data-element_type=\"widget\" data-widget_type=\"text-editor.default\">\n\t\t\t\t<div class=\"elementor-widget-container\">\n\t\t\t\t\t\t\t<p><a href=\"https:\/\/curacaoblueseasfestival.com\/es\/contact\/\">Contacto<\/a><\/p>\t\t\t\t\t\t<\/div>\n\t\t\t\t<\/div>\n\t\t\t\t\t<\/div>\n\t\t<\/div>\n\t\t\t\t\t\t\t<\/div>\n\t\t<\/section>\n\t\t\t\t\t<\/div>\n\t\t<\/div>\n\t\t\t\t\t\t\t<\/div>\n\t\t<\/section>\n\t\t\t\t\t\t<\/div>\n\t\t\t\t\t<\/div>","protected":false},"excerpt":{"rendered":"<p>Ron Artis II &#038; The Truth Saturday 8 April To say that Ron Artis was brought up with music would be an understatement. He has enjoyed music since before he could walk, crawling across his father\u2019s piano at age 1. One of eleven children, Artis developed his multi-instrumental prowess playing in the Artis Family Band, [&hellip;]<\/p>","protected":false},"author":2,"featured_media":1144,"comment_status":"closed","ping_status":"closed","sticky":false,"template":"","format":"standard","meta":[],"categories":[2],"tags":[],"_links":{"self":[{"href":"https:\/\/curacaoblueseasfestival.com\/es\/wp-json\/wp\/v2\/posts\/1142"}],"collection":[{"href":"https:\/\/curacaoblueseasfestival.com\/es\/wp-json\/wp\/v2\/posts"}],"about":[{"href":"https:\/\/curacaoblueseasfestival.com\/es\/wp-json\/wp\/v2\/types\/post"}],"author":[{"embeddable":true,"href":"https:\/\/curacaoblueseasfestival.com\/es\/wp-json\/wp\/v2\/users\/2"}],"replies":[{"embeddable":true,"href":"https:\/\/curacaoblueseasfestival.com\/es\/wp-json\/wp\/v2\/comments?post=1142"}],"version-history":[{"count":20,"href":"https:\/\/curacaoblueseasfestival.com\/es\/wp-json\/wp\/v2\/posts\/1142\/revisions"}],"predecessor-version":[{"id":1397,"href":"https:\/\/curacaoblueseasfestival.com\/es\/wp-json\/wp\/v2\/posts\/1142\/revisions\/1397"}],"wp:featuredmedia":[{"embeddable":true,"href":"https:\/\/curacaoblueseasfestival.com\/es\/wp-json\/wp\/v2\/media\/1144"}],"wp:attachment":[{"href":"https:\/\/curacaoblueseasfestival.com\/es\/wp-json\/wp\/v2\/media?parent=1142"}],"wp:term":[{"taxonomy":"category","embeddable":true,"href":"https:\/\/curacaoblueseasfestival.com\/es\/wp-json\/wp\/v2\/categories?post=1142"},{"taxonomy":"post_tag","embeddable":true,"href":"https:\/\/curacaoblueseasfestival.com\/es\/wp-json\/wp\/v2\/tags?post=1142"}],"curies":[{"name":"wp","href":"https:\/\/api.w.org\/{rel}","templated":true}]}}