{"id":1877,"date":"2025-02-28T13:04:24","date_gmt":"2025-02-28T13:04:24","guid":{"rendered":"https:\/\/curacaoblueseasfestival.com\/?p=1877"},"modified":"2025-03-12T13:39:50","modified_gmt":"2025-03-12T13:39:50","slug":"john-primer-the-real-deal-blues-band","status":"publish","type":"post","link":"https:\/\/curacaoblueseasfestival.com\/es\/john-primer-the-real-deal-blues-band\/","title":{"rendered":"John Primer &#038; The Real Deal Blues Band"},"content":{"rendered":"<div data-elementor-type=\"wp-post\" data-elementor-id=\"1877\" class=\"elementor elementor-1877\" data-elementor-settings=\"[]\">\n\t\t\t\t\t\t\t<div class=\"elementor-section-wrap\">\n\t\t\t\t\t\t\t<section class=\"elementor-section elementor-top-section elementor-element elementor-element-55575cbf elementor-section-boxed elementor-section-height-default elementor-section-height-default\" data-id=\"55575cbf\" data-element_type=\"section\">\n\t\t\t\t\t\t<div class=\"elementor-container elementor-column-gap-default\">\n\t\t\t\t\t<div class=\"elementor-column elementor-col-100 elementor-top-column elementor-element elementor-element-356cbf10\" data-id=\"356cbf10\" data-element_type=\"column\">\n\t\t\t<div class=\"elementor-widget-wrap\">\n\t\t\t\t\t\t\t\t\t<\/div>\n\t\t<\/div>\n\t\t\t\t\t\t\t<\/div>\n\t\t<\/section>\n\t\t\t\t<section class=\"elementor-section elementor-top-section elementor-element elementor-element-3bf7c67c elementor-section-boxed elementor-section-height-default elementor-section-height-default\" data-id=\"3bf7c67c\" data-element_type=\"section\">\n\t\t\t\t\t\t<div class=\"elementor-container elementor-column-gap-default\">\n\t\t\t\t\t<div class=\"elementor-column elementor-col-100 elementor-top-column elementor-element elementor-element-e12df50\" data-id=\"e12df50\" data-element_type=\"column\" data-settings=\"{&quot;background_background&quot;:&quot;classic&quot;}\">\n\t\t\t<div class=\"elementor-widget-wrap elementor-element-populated\">\n\t\t\t\t\t<div class=\"elementor-background-overlay\"><\/div>\n\t\t\t\t\t\t\t\t<div class=\"elementor-element elementor-element-35e57d63 elementor-widget elementor-widget-heading\" data-id=\"35e57d63\" data-element_type=\"widget\" data-widget_type=\"heading.default\">\n\t\t\t\t<div class=\"elementor-widget-container\">\n\t\t\t<h2 class=\"elementor-heading-title elementor-size-default\">John Primer & The Real Deal Blues Band <\/h2>\t\t<\/div>\n\t\t\t\t<\/div>\n\t\t\t\t<div class=\"elementor-element elementor-element-84cb68f elementor-widget elementor-widget-text-editor\" data-id=\"84cb68f\" data-element_type=\"widget\" data-widget_type=\"text-editor.default\">\n\t\t\t\t<div class=\"elementor-widget-container\">\n\t\t\t\t\t\t\t<p><img loading=\"lazy\" class=\"wp-image-1367 size-medium alignleft\" src=\"https:\/\/curacaoblueseasfestival.com\/wp-content\/uploads\/2025\/03\/john-primer.jpg \" alt=\"\" width=\"300\" height=\"300\"><\/p>\n<h5>S\u00e1bado 19 de abril<\/h5>\n<p class=\" translation-block\">El guitarrista y cantante estadounidense del g\u00e9nero musical los \u2018blues\u2019 llamado <b>John Primer<\/b>, nacido en el seno de una familia de los as\u00ed llamados \u201caparceros\u201d en el estado de Mississippi. John creci\u00f3 escuchando a los trabajadores laborando en las plantaciones haciendo expresiones de la musicalizaci\u00f3n de los \u2018blues\u201d. Ellos las expresaban en cantos en:los campos, en las iglesias en los servicios religiosos dominicales y tambi\u00e9n las tocaban en la guitarra por las noches. A la edad de 18 a\u00f1os, se mud\u00f3 a la ciudad de Chicago y comenz\u00f3 a tocar por propinas en las esquinas de las calles y m\u00e1s despu\u00e9s en los clubes nocturnos. Estuvo musicalizando en el escenario con Junior Wells para unirse despu\u00e9s a la Banda de Willie Dixon's All-Star Band a finales de la d\u00e9cada de los a\u00f1os 1970, antes de cambiar para Muddy Waters en la d\u00e9cada de los a\u00f1os 1980 y para finalmente tocar con Magic Slim and the Teardrops (El M\u00e1gico Flaco y las Gotas de L\u00e1grimas). John Primer comenz\u00f3 su carrera musical como un solista en la d\u00e9cada siguiente para causar enorme sensaci\u00f3n con su \u00e1lbum del a\u00f1o 1995 llevando el t\u00edtulo de: <i>The Real Deal<\/i> (\u201cEl Producto Aut\u00e9ntico y Verdadero\u201d). Incluso ahora, a la edad de ochenta a\u00f1os, sigue manteniendo vivas las tradiciones del \u201cblues\u201d tocando, ense\u00f1ando, instruyendo e inspirando a una nueva generaci\u00f3n de m\u00fasicos. En el a\u00f1o 2023, fue incluido en el \u201cSal\u00f3n de la Fama de los Blues\u201d.<\/p>\t\t\t\t\t\t<\/div>\n\t\t\t\t<\/div>\n\t\t\t\t<div class=\"elementor-element elementor-element-89642b6 elementor-aspect-ratio-169 elementor-widget elementor-widget-video\" data-id=\"89642b6\" data-element_type=\"widget\" data-settings=\"{&quot;youtube_url&quot;:&quot;https:\\\/\\\/www.youtube.com\\\/watch?v=gaLGo9h4P3U&quot;,&quot;video_type&quot;:&quot;youtube&quot;,&quot;controls&quot;:&quot;yes&quot;,&quot;aspect_ratio&quot;:&quot;169&quot;}\" data-widget_type=\"video.default\">\n\t\t\t\t<div class=\"elementor-widget-container\">\n\t\t\t\t\t<div class=\"elementor-wrapper elementor-fit-aspect-ratio elementor-open-inline\">\n\t\t\t<div class=\"elementor-video\"><\/div>\t\t<\/div>\n\t\t\t\t<\/div>\n\t\t\t\t<\/div>\n\t\t\t\t<section class=\"elementor-section elementor-inner-section elementor-element elementor-element-567803cb elementor-section-boxed elementor-section-height-default elementor-section-height-default\" data-id=\"567803cb\" data-element_type=\"section\" data-settings=\"{&quot;background_background&quot;:&quot;classic&quot;}\">\n\t\t\t\t\t\t\t<div class=\"elementor-background-overlay\"><\/div>\n\t\t\t\t\t\t\t<div class=\"elementor-container elementor-column-gap-default\">\n\t\t\t\t\t<div class=\"elementor-column elementor-col-50 elementor-inner-column elementor-element elementor-element-4e37aa34\" data-id=\"4e37aa34\" data-element_type=\"column\">\n\t\t\t<div class=\"elementor-widget-wrap elementor-element-populated\">\n\t\t\t\t\t\t\t\t<div class=\"elementor-element elementor-element-2fd868ae elementor-grid-1 elementor-grid-tablet-2 elementor-grid-mobile-1 elementor-posts--thumbnail-top elementor-widget elementor-widget-posts\" data-id=\"2fd868ae\" data-element_type=\"widget\" data-settings=\"{&quot;classic_columns&quot;:&quot;1&quot;,&quot;classic_columns_tablet&quot;:&quot;2&quot;,&quot;classic_columns_mobile&quot;:&quot;1&quot;,&quot;classic_row_gap&quot;:{&quot;unit&quot;:&quot;px&quot;,&quot;size&quot;:35,&quot;sizes&quot;:[]}}\" data-widget_type=\"posts.classic\">\n\t\t\t\t<div class=\"elementor-widget-container\">\n\t\t\t\t\t<div class=\"elementor-posts-container elementor-posts elementor-posts--skin-classic elementor-grid\">\n\t\t\t\t<article class=\"elementor-post elementor-grid-item post-233 post type-post status-publish format-standard hentry category-footer\">\n\t\t\t\t<div class=\"elementor-post__text\">\n\t\t\t\t<div class=\"elementor-post__excerpt\">\n\t\t\t<p>\u00a9 Copyright 2021 Cura\u00e7ao International BlueSeas Festival. All rights reserved.<\/p>\n\t\t<\/div>\n\t\t\t\t<\/div>\n\t\t\t\t<\/article>\n\t\t\t\t<\/div>\n\n\n\t\t\n\t\t\t\t<\/div>\n\t\t\t\t<\/div>\n\t\t\t\t\t<\/div>\n\t\t<\/div>\n\t\t\t\t<div class=\"elementor-column elementor-col-50 elementor-inner-column elementor-element elementor-element-70c7e889\" data-id=\"70c7e889\" data-element_type=\"column\">\n\t\t\t<div class=\"elementor-widget-wrap elementor-element-populated\">\n\t\t\t\t\t\t\t\t<div class=\"elementor-element elementor-element-43426809 elementor-widget elementor-widget-text-editor\" data-id=\"43426809\" data-element_type=\"widget\" data-widget_type=\"text-editor.default\">\n\t\t\t\t<div class=\"elementor-widget-container\">\n\t\t\t\t\t\t\t<p><a href=\"https:\/\/curacaoblueseasfestival.com\/es\/contact\/\">Contacto<\/a><\/p>\t\t\t\t\t\t<\/div>\n\t\t\t\t<\/div>\n\t\t\t\t\t<\/div>\n\t\t<\/div>\n\t\t\t\t\t\t\t<\/div>\n\t\t<\/section>\n\t\t\t\t\t<\/div>\n\t\t<\/div>\n\t\t\t\t\t\t\t<\/div>\n\t\t<\/section>\n\t\t\t\t\t\t<\/div>\n\t\t\t\t\t<\/div>","protected":false},"excerpt":{"rendered":"<p>John Primer &#038; The Real Deal Blues Band Saturday 19 April Born into a family of sharecroppers in Mississippi, American blues guitarist and singer John Primer grew up hearing the plantation workers sing the blues on the fields and in church on Sundays, and play guitar at night. At age 18, he moved to Chicago [&hellip;]<\/p>","protected":false},"author":2,"featured_media":2077,"comment_status":"open","ping_status":"open","sticky":false,"template":"","format":"standard","meta":[],"categories":[2],"tags":[],"_links":{"self":[{"href":"https:\/\/curacaoblueseasfestival.com\/es\/wp-json\/wp\/v2\/posts\/1877"}],"collection":[{"href":"https:\/\/curacaoblueseasfestival.com\/es\/wp-json\/wp\/v2\/posts"}],"about":[{"href":"https:\/\/curacaoblueseasfestival.com\/es\/wp-json\/wp\/v2\/types\/post"}],"author":[{"embeddable":true,"href":"https:\/\/curacaoblueseasfestival.com\/es\/wp-json\/wp\/v2\/users\/2"}],"replies":[{"embeddable":true,"href":"https:\/\/curacaoblueseasfestival.com\/es\/wp-json\/wp\/v2\/comments?post=1877"}],"version-history":[{"count":20,"href":"https:\/\/curacaoblueseasfestival.com\/es\/wp-json\/wp\/v2\/posts\/1877\/revisions"}],"predecessor-version":[{"id":2111,"href":"https:\/\/curacaoblueseasfestival.com\/es\/wp-json\/wp\/v2\/posts\/1877\/revisions\/2111"}],"wp:featuredmedia":[{"embeddable":true,"href":"https:\/\/curacaoblueseasfestival.com\/es\/wp-json\/wp\/v2\/media\/2077"}],"wp:attachment":[{"href":"https:\/\/curacaoblueseasfestival.com\/es\/wp-json\/wp\/v2\/media?parent=1877"}],"wp:term":[{"taxonomy":"category","embeddable":true,"href":"https:\/\/curacaoblueseasfestival.com\/es\/wp-json\/wp\/v2\/categories?post=1877"},{"taxonomy":"post_tag","embeddable":true,"href":"https:\/\/curacaoblueseasfestival.com\/es\/wp-json\/wp\/v2\/tags?post=1877"}],"curies":[{"name":"wp","href":"https:\/\/api.w.org\/{rel}","templated":true}]}}